{"id":272,"date":"2018-04-24T13:20:48","date_gmt":"2018-04-24T11:20:48","guid":{"rendered":"http:\/\/asso-cpdis.com\/?p=272"},"modified":"2019-03-24T13:23:43","modified_gmt":"2019-03-24T12:23:43","slug":"dejeuner-du-mardi-24-avril-2018-la-serialisation","status":"publish","type":"post","link":"http:\/\/asso-cpdis.com\/index.php\/2018\/04\/24\/dejeuner-du-mardi-24-avril-2018-la-serialisation\/","title":{"rendered":"D\u00e9jeuner du mardi 24 avril 2018 : \u00ab\u00a0La s\u00e9rialisation\u00a0\u00bb"},"content":{"rendered":"<p><strong>Notre intervenant: Fran\u00e7ois Versini (<\/strong>Soci\u00e9t\u00e9 EASYSTEM) nous a parl\u00e9 de :<\/p>\n<p><strong>S\u00e9rialisation : de l&rsquo;obligation l\u00e9gale \u00e0 une optimisation de codification internationale. Les enjeux d&rsquo;un projet informatique global.<\/strong><\/p>\n<p>La s\u00e9rialisation s\u2019annon\u00e7ait comme un nouveau d\u00e9fi de l\u2019industrie pharmaceutique alors que la directive europ\u00e9enne, publi\u00e9e en 2016, a donn\u00e9 trois ans aux laboratoires pharmaceutiques pour mettre en place un num\u00e9ro de s\u00e9rie unique sur chaque boite de m\u00e9dicament destin\u00e9 \u00e0 am\u00e9liorer la s\u00e9curit\u00e9 des patients en assurant une meilleure tra\u00e7abilit\u00e9 et \u00e0 lutter contre la contrefa\u00e7on.\u00a0Ce n\u2019est pas seulement la cha\u00eene logistique qui va \u00eatre boulevers\u00e9e, mais \u00e9galement un \u00e9norme flux d\u2019information et de datas \u00e0 g\u00e9rer.\u00a0Cette petite r\u00e9volution pour l\u2019univers du m\u00e9dicament est op\u00e9rationnelle depuis le 9 f\u00e9vrier 2019<\/p>\n<p>&nbsp;<\/p>\n","protected":false},"excerpt":{"rendered":"<p>Notre intervenant: Fran\u00e7ois Versini (Soci\u00e9t\u00e9 EASYSTEM) nous a parl\u00e9 de : S\u00e9rialisation : de l&rsquo;obligation l\u00e9gale \u00e0 une optimisation de codification internationale. Les enjeux d&rsquo;un projet informatique global. La s\u00e9rialisation s\u2019annon\u00e7ait comme un nouveau d\u00e9fi de l\u2019industrie pharmaceutique alors que la directive europ\u00e9enne, publi\u00e9e en 2016, a donn\u00e9 trois ans aux laboratoires pharmaceutiques pour mettre [&hellip;]<\/p>\n","protected":false},"author":1,"featured_media":0,"comment_status":"open","ping_status":"open","sticky":false,"template":"","format":"standard","meta":{"footnotes":""},"categories":[4],"tags":[],"class_list":["post-272","post","type-post","status-publish","format-standard","hentry","category-evenements-2018"],"_links":{"self":[{"href":"http:\/\/asso-cpdis.com\/index.php\/wp-json\/wp\/v2\/posts\/272","targetHints":{"allow":["GET"]}}],"collection":[{"href":"http:\/\/asso-cpdis.com\/index.php\/wp-json\/wp\/v2\/posts"}],"about":[{"href":"http:\/\/asso-cpdis.com\/index.php\/wp-json\/wp\/v2\/types\/post"}],"author":[{"embeddable":true,"href":"http:\/\/asso-cpdis.com\/index.php\/wp-json\/wp\/v2\/users\/1"}],"replies":[{"embeddable":true,"href":"http:\/\/asso-cpdis.com\/index.php\/wp-json\/wp\/v2\/comments?post=272"}],"version-history":[{"count":1,"href":"http:\/\/asso-cpdis.com\/index.php\/wp-json\/wp\/v2\/posts\/272\/revisions"}],"predecessor-version":[{"id":273,"href":"http:\/\/asso-cpdis.com\/index.php\/wp-json\/wp\/v2\/posts\/272\/revisions\/273"}],"wp:attachment":[{"href":"http:\/\/asso-cpdis.com\/index.php\/wp-json\/wp\/v2\/media?parent=272"}],"wp:term":[{"taxonomy":"category","embeddable":true,"href":"http:\/\/asso-cpdis.com\/index.php\/wp-json\/wp\/v2\/categories?post=272"},{"taxonomy":"post_tag","embeddable":true,"href":"http:\/\/asso-cpdis.com\/index.php\/wp-json\/wp\/v2\/tags?post=272"}],"curies":[{"name":"wp","href":"https:\/\/api.w.org\/{rel}","templated":true}]}}