{"id":279,"date":"2019-03-24T14:42:05","date_gmt":"2019-03-24T13:42:05","guid":{"rendered":"http:\/\/asso-cpdis.com\/?p=279"},"modified":"2019-12-18T18:28:00","modified_gmt":"2019-12-18T17:28:00","slug":"dejeuner-du-mardi-14-mai-2019-pharmaciens-daujourdhui-et-de-demain-quelle-formation","status":"publish","type":"post","link":"https:\/\/asso-cpdis.com\/index.php\/2019\/03\/24\/dejeuner-du-mardi-14-mai-2019-pharmaciens-daujourdhui-et-de-demain-quelle-formation\/","title":{"rendered":"D\u00e9jeuner du mardi 14 mai 2019 : \u00a0\u00bb Pharmaciens d&rsquo;aujourd&rsquo;hui et de demain : quelle formation ?\u00a0\u00bb"},"content":{"rendered":"<p>\u00ab <strong>Pharmaciens d\u2019aujourd\u2019hui et de demain : quelle formation ? quels profils ? quel devenir ?<\/strong>\u00a0\u00bb<\/p>\n<p>Sur ce th\u00e8me, notre intervenant\u00a0<strong>Marc Pallardy<\/strong> , <strong>Pharmacien,\u00a0Doyen de la Facult\u00e9 de pharmacie de paris Sud \u00a0<\/strong>a abord\u00e9 l&rsquo;\u00e9volution des \u00e9tudes avec un aper\u00e7u sur la r\u00e9forme de la premi\u00e8re ann\u00e9e PACES qui selon lui n&rsquo;est pas une r\u00e9ussite pour les \u00e9tudes de pharmacie. En effet de nombreux \u00e9tudiants font pharmacie sans motivation.<\/p>\n<p>Il nous a fait observer que la fili\u00e8re officine suscite de moins en moins de vocations. Et les \u00e9tudiants se tournent vers l&rsquo;industrie par d\u00e9faut, sans aucun projet. Ce qui se confirme lors des entretiens de s\u00e9lection de fin de 3\u00e8me ann\u00e9e.<\/p>\n<p>La fili\u00e8re Industrie de Chatenay attire les \u00e9tudiants de toute la france avec possibilit\u00e9 d&rsquo;acc\u00e8s \u00e0 18 masters lors de la 6\u00e8me ann\u00e9e. L&rsquo;Etude de cas en 5\u00e8me ann\u00e9e, le forum APIEP , les bonnes relations avec le CFA LEEM (masters en alternance, apprentissage) favorisent l&rsquo;\u00e9volution des \u00e9tudiants.<\/p>\n<p>En 2021 Chatenay d\u00e9m\u00e9nager et rejoindra le plateau de Saclay au sein de la nouvelle Universit\u00e9 Paris Saclay.<\/p>\n<p>&nbsp;<\/p>\n","protected":false},"excerpt":{"rendered":"<p>\u00ab Pharmaciens d\u2019aujourd\u2019hui et de demain : quelle formation ? quels profils ? quel devenir ?\u00a0\u00bb Sur ce th\u00e8me, notre intervenant\u00a0Marc Pallardy , Pharmacien,\u00a0Doyen de la Facult\u00e9 de pharmacie de paris Sud \u00a0a abord\u00e9 l&rsquo;\u00e9volution des \u00e9tudes avec un aper\u00e7u sur la r\u00e9forme de la premi\u00e8re ann\u00e9e PACES qui selon lui n&rsquo;est pas une r\u00e9ussite [&hellip;]<\/p>\n","protected":false},"author":1,"featured_media":281,"comment_status":"open","ping_status":"open","sticky":false,"template":"","format":"standard","meta":{"footnotes":""},"categories":[4],"tags":[],"class_list":["post-279","post","type-post","status-publish","format-standard","has-post-thumbnail","hentry","category-evenements-2018"],"_links":{"self":[{"href":"https:\/\/asso-cpdis.com\/index.php\/wp-json\/wp\/v2\/posts\/279","targetHints":{"allow":["GET"]}}],"collection":[{"href":"https:\/\/asso-cpdis.com\/index.php\/wp-json\/wp\/v2\/posts"}],"about":[{"href":"https:\/\/asso-cpdis.com\/index.php\/wp-json\/wp\/v2\/types\/post"}],"author":[{"embeddable":true,"href":"https:\/\/asso-cpdis.com\/index.php\/wp-json\/wp\/v2\/users\/1"}],"replies":[{"embeddable":true,"href":"https:\/\/asso-cpdis.com\/index.php\/wp-json\/wp\/v2\/comments?post=279"}],"version-history":[{"count":5,"href":"https:\/\/asso-cpdis.com\/index.php\/wp-json\/wp\/v2\/posts\/279\/revisions"}],"predecessor-version":[{"id":316,"href":"https:\/\/asso-cpdis.com\/index.php\/wp-json\/wp\/v2\/posts\/279\/revisions\/316"}],"wp:featuredmedia":[{"embeddable":true,"href":"https:\/\/asso-cpdis.com\/index.php\/wp-json\/wp\/v2\/media\/281"}],"wp:attachment":[{"href":"https:\/\/asso-cpdis.com\/index.php\/wp-json\/wp\/v2\/media?parent=279"}],"wp:term":[{"taxonomy":"category","embeddable":true,"href":"https:\/\/asso-cpdis.com\/index.php\/wp-json\/wp\/v2\/categories?post=279"},{"taxonomy":"post_tag","embeddable":true,"href":"https:\/\/asso-cpdis.com\/index.php\/wp-json\/wp\/v2\/tags?post=279"}],"curies":[{"name":"wp","href":"https:\/\/api.w.org\/{rel}","templated":true}]}}