{"id":417,"date":"2020-12-21T11:58:39","date_gmt":"2020-12-21T10:58:39","guid":{"rendered":"http:\/\/asso-cpdis.com\/?p=417"},"modified":"2020-12-21T11:58:39","modified_gmt":"2020-12-21T10:58:39","slug":"mardi-9-fevrier-gestion-des-ressources-humaines-en-temps-de-crise-sanitaire","status":"publish","type":"post","link":"https:\/\/asso-cpdis.com\/index.php\/2020\/12\/21\/mardi-9-fevrier-gestion-des-ressources-humaines-en-temps-de-crise-sanitaire\/","title":{"rendered":"Mardi 9 f\u00e9vrier : Gestion des ressources humaines en temps de crise sanitaire !"},"content":{"rendered":"<div><strong>Mardi 9 f\u00e9vrier 2021 \u00e0 18h15 Visio conf\u00e9rence \u00e0 distance<\/strong><\/div>\n<div><\/div>\n<div class=\"\"><b class=\"\">\u00ab\u00a0Comment g\u00e9rer les ressources humaines pendant la crise de la COVID 19 ?\u00a0\u00bb<\/b><\/div>\n<div class=\"\"><\/div>\n<div>Les orateurs seront<\/div>\n<div><strong>Laure NEGRE et Anne MASCARELLI<\/strong> du cabinet HTI international<\/div>\n<div>avec la pr\u00e9sence d&rsquo;un <strong>DRH d&rsquo;une entreprise de sant\u00e9<\/strong> (pharma ou DM)<\/div>\n<div><\/div>\n<div>Les th\u00e8mes abord\u00e9s :<\/div>\n<div><strong>Organisation<\/strong><\/div>\n<div class=\"\">&#8211; organisation du t\u00e9l\u00e9travail \u00a0: que faire \u00e0 distance, que faire en t\u00e9l\u00e9conf\u00e9rence, que faire en pr\u00e9sentiel ?<\/div>\n<div>&#8211; obligations de moyens de l&rsquo;entreprise (mat\u00e9riel, participation aux frais&#8230;)<\/div>\n<div class=\"\">&#8211; le contr\u00f4le du management<\/div>\n<div>&#8211; le soutien psychologique de l\u2019entreprise<\/div>\n<div><\/div>\n<div><strong>Influence sur le recrutement<\/strong><\/div>\n<div class=\"\">&#8211; le recrutement \u00a0 : influence de la crise, quels types de recrutements, quelles modalit\u00e9s d&rsquo;entretiens \u00e0 distance et en pr\u00e9sentiel ?<\/div>\n<div class=\"\">&#8211; influence de la crise sur la mobilit\u00e9, sur le changement d\u2019entreprise.<\/div>\n<div><\/div>\n","protected":false},"excerpt":{"rendered":"<p>Mardi 9 f\u00e9vrier 2021 \u00e0 18h15 Visio conf\u00e9rence \u00e0 distance \u00ab\u00a0Comment g\u00e9rer les ressources humaines pendant la crise de la COVID 19 ?\u00a0\u00bb Les orateurs seront Laure NEGRE et Anne MASCARELLI du cabinet HTI international avec la pr\u00e9sence d&rsquo;un DRH d&rsquo;une entreprise de sant\u00e9 (pharma ou DM) Les th\u00e8mes abord\u00e9s : Organisation &#8211; organisation du [&hellip;]<\/p>\n","protected":false},"author":1,"featured_media":0,"comment_status":"closed","ping_status":"closed","sticky":false,"template":"","format":"standard","meta":{"footnotes":""},"categories":[8],"tags":[],"class_list":["post-417","post","type-post","status-publish","format-standard","hentry","category-8"],"_links":{"self":[{"href":"https:\/\/asso-cpdis.com\/index.php\/wp-json\/wp\/v2\/posts\/417","targetHints":{"allow":["GET"]}}],"collection":[{"href":"https:\/\/asso-cpdis.com\/index.php\/wp-json\/wp\/v2\/posts"}],"about":[{"href":"https:\/\/asso-cpdis.com\/index.php\/wp-json\/wp\/v2\/types\/post"}],"author":[{"embeddable":true,"href":"https:\/\/asso-cpdis.com\/index.php\/wp-json\/wp\/v2\/users\/1"}],"replies":[{"embeddable":true,"href":"https:\/\/asso-cpdis.com\/index.php\/wp-json\/wp\/v2\/comments?post=417"}],"version-history":[{"count":1,"href":"https:\/\/asso-cpdis.com\/index.php\/wp-json\/wp\/v2\/posts\/417\/revisions"}],"predecessor-version":[{"id":418,"href":"https:\/\/asso-cpdis.com\/index.php\/wp-json\/wp\/v2\/posts\/417\/revisions\/418"}],"wp:attachment":[{"href":"https:\/\/asso-cpdis.com\/index.php\/wp-json\/wp\/v2\/media?parent=417"}],"wp:term":[{"taxonomy":"category","embeddable":true,"href":"https:\/\/asso-cpdis.com\/index.php\/wp-json\/wp\/v2\/categories?post=417"},{"taxonomy":"post_tag","embeddable":true,"href":"https:\/\/asso-cpdis.com\/index.php\/wp-json\/wp\/v2\/tags?post=417"}],"curies":[{"name":"wp","href":"https:\/\/api.w.org\/{rel}","templated":true}]}}