{"id":518,"date":"2022-03-16T14:33:36","date_gmt":"2022-03-16T13:33:36","guid":{"rendered":"http:\/\/asso-cpdis.com\/?p=518"},"modified":"2022-03-16T14:39:21","modified_gmt":"2022-03-16T13:39:21","slug":"jeudi-19-mai-12h30-14h30-relocalisation-industrielle-pharmaceutique-la-vision-du-leem","status":"publish","type":"post","link":"https:\/\/asso-cpdis.com\/index.php\/2022\/03\/16\/jeudi-19-mai-12h30-14h30-relocalisation-industrielle-pharmaceutique-la-vision-du-leem\/","title":{"rendered":"Jeudi 19 mai 12h30-14h30 : Relocalisation industrielle pharmaceutique : la vision du LEEM"},"content":{"rendered":"<p>Jeudi 19 mai 12h30- 14h30 en pr\u00e9sentiel \u00e0 l&rsquo;h\u00f4tel BEDFORD<br \/>\nLe d\u00e9jeuner d\u00e9bat sera consacr\u00e9 \u00e0 :<\/p>\n<p><strong><span style=\"color: #0000ff;\">\u00ab\u00a0Relocalisation industrielle pharmaceutique en France : la vision du LEEM<\/span><\/strong><\/p>\n<p>Nous aurons le plaisir d&rsquo;accueillir <strong><span style=\"color: #0000ff;\">Pascal LE GUYADER* , Directeur g\u00e9n\u00e9ral adjoint du LEEM<br \/>\n<\/span><\/strong>Il abordera les \u00a0sujets suivants :<\/p>\n<ul>\n<li>Pollitique de relocalisation industrielle pharmaceutique : relations entre le LEEM et l\u2019\u00e9tat,<\/li>\n<li>Relocalisation de fabrication des mati\u00e8res premi\u00e8res : relations entre chimie et pharmacie, exemples (SEQENS, SANOFI)<\/li>\n<li>Relocalisation des fabrications des m\u00e9dicament finis : investissements des big pharma et exemples, relations LEEM et fa\u00e7onniers<\/li>\n<li>Influence sur les emplois<\/li>\n<\/ul>\n<div><\/div>\n<div>\u00a0* Pascal LEGUYADER<\/div>\n<div><em>Titulaire d\u2019une ma\u00eetrise en droit des affaires et d\u2019un dipl\u00f4me de 3\u00e8me cycle en Management et gestion des ressources humaines, Pascal Le Guyader s\u2019investit depuis 2003 dans la d\u00e9finition et l\u2019accompagnement des grandes orientations de la politique sociale des entreprises du m\u00e9dicament. Il\u00a0<\/em><i>s&rsquo;est occup\u00e9\u00a0notamment des affaires industrielles et de l&#8217;emploi.<\/i><\/div>\n<div><\/div>\n","protected":false},"excerpt":{"rendered":"<p>Jeudi 19 mai 12h30- 14h30 en pr\u00e9sentiel \u00e0 l&rsquo;h\u00f4tel BEDFORD Le d\u00e9jeuner d\u00e9bat sera consacr\u00e9 \u00e0 : \u00ab\u00a0Relocalisation industrielle pharmaceutique en France : la vision du LEEM Nous aurons le plaisir d&rsquo;accueillir Pascal LE GUYADER* , Directeur g\u00e9n\u00e9ral adjoint du LEEM Il abordera les \u00a0sujets suivants : Pollitique de relocalisation industrielle pharmaceutique : relations entre [&hellip;]<\/p>\n","protected":false},"author":1,"featured_media":0,"comment_status":"closed","ping_status":"closed","sticky":false,"template":"","format":"standard","meta":{"footnotes":""},"categories":[9],"tags":[],"class_list":["post-518","post","type-post","status-publish","format-standard","hentry","category-9"],"_links":{"self":[{"href":"https:\/\/asso-cpdis.com\/index.php\/wp-json\/wp\/v2\/posts\/518","targetHints":{"allow":["GET"]}}],"collection":[{"href":"https:\/\/asso-cpdis.com\/index.php\/wp-json\/wp\/v2\/posts"}],"about":[{"href":"https:\/\/asso-cpdis.com\/index.php\/wp-json\/wp\/v2\/types\/post"}],"author":[{"embeddable":true,"href":"https:\/\/asso-cpdis.com\/index.php\/wp-json\/wp\/v2\/users\/1"}],"replies":[{"embeddable":true,"href":"https:\/\/asso-cpdis.com\/index.php\/wp-json\/wp\/v2\/comments?post=518"}],"version-history":[{"count":5,"href":"https:\/\/asso-cpdis.com\/index.php\/wp-json\/wp\/v2\/posts\/518\/revisions"}],"predecessor-version":[{"id":524,"href":"https:\/\/asso-cpdis.com\/index.php\/wp-json\/wp\/v2\/posts\/518\/revisions\/524"}],"wp:attachment":[{"href":"https:\/\/asso-cpdis.com\/index.php\/wp-json\/wp\/v2\/media?parent=518"}],"wp:term":[{"taxonomy":"category","embeddable":true,"href":"https:\/\/asso-cpdis.com\/index.php\/wp-json\/wp\/v2\/categories?post=518"},{"taxonomy":"post_tag","embeddable":true,"href":"https:\/\/asso-cpdis.com\/index.php\/wp-json\/wp\/v2\/tags?post=518"}],"curies":[{"name":"wp","href":"https:\/\/api.w.org\/{rel}","templated":true}]}}