{"id":733,"date":"2025-01-22T17:17:21","date_gmt":"2025-01-22T16:17:21","guid":{"rendered":"http:\/\/asso-cpdis.com\/?p=733"},"modified":"2025-05-15T13:07:43","modified_gmt":"2025-05-15T11:07:43","slug":"jeudi-19-juin-2025-seminaire-annuel-cpdis","status":"publish","type":"post","link":"https:\/\/asso-cpdis.com\/index.php\/2025\/01\/22\/jeudi-19-juin-2025-seminaire-annuel-cpdis\/","title":{"rendered":"jeudi 19 juin 2025 S\u00e9minaire annuel CPDIS"},"content":{"rendered":"<p><span style=\"color: #0000ff; font-family: arial, helvetica, sans-serif; font-size: 18pt;\">SEMINAIRE ANNUEL CPDIS 2025<\/span><\/p>\n<p><span style=\"color: #0000ff; font-family: arial, helvetica, sans-serif; font-size: 18pt;\">Cercle des Pharmaciens et Dirigeants des Industries de Sant\u00e9.<\/span><\/p>\n<p><strong>\u00a0<\/strong><\/p>\n<p><span style=\"font-family: arial, helvetica, sans-serif; font-size: 14pt;\"><strong>\u00ab\u00a0Efficacit\u00e9 r\u00e9glementaire\u00a0:<\/strong><\/span><\/p>\n<p><span style=\"font-family: arial, helvetica, sans-serif; font-size: 14pt;\"><strong>Session du Matin : les nouveaut\u00e9s du cycle de vie pr\u00e9-AMM\u00a0 <\/strong><\/span><span style=\"font-family: arial, helvetica, sans-serif; font-size: 14pt;\"><strong>et leurs impacts r\u00e9glementaires.<\/strong><\/span><\/p>\n<p><span style=\"font-family: arial, helvetica, sans-serif; font-size: 14pt;\"><strong>Session de l&rsquo;Apr\u00e8s-midi : Focus sur les relations H\u00f4pital-Laboratoires pharmaceutiques.<\/strong><\/span><\/p>\n<p><strong>\u00a0<\/strong><\/p>\n<p><strong><span style=\"font-family: arial, helvetica, sans-serif; font-size: 14pt; color: #ff0000;\">Jeudi 19 juin 2025 9H00-17H00<\/span><\/strong><\/p>\n<p><strong><span style=\"font-family: arial, helvetica, sans-serif; font-size: 14pt; color: #ff0000;\">Golf de Rueil-Malmaison<\/span><\/strong><\/p>\n<p><strong><span style=\"font-family: arial, helvetica, sans-serif; font-size: 14pt; color: #ff0000;\">25 boulevard Marcel POURTOUT 92500 RUEIL-MALMAISON<\/span><\/strong><\/p>\n<p><strong><span style=\"font-family: arial, helvetica, sans-serif; font-size: 14pt; color: #ff0000;\">Parking au golf.<\/span><\/strong><\/p>\n<p><strong>\u00a0<\/strong><\/p>\n<p>D\u00e8s 9h00 Enregistrement et Caf\u00e9 accueil.<\/p>\n<p><strong>&#8212;&#8212;&#8212;&#8212;&#8212;&#8212;&#8212;&#8212;&#8212;&#8212;&#8212;&#8212;&#8212;&#8212;&#8212;&#8212;&#8212;&#8212;&#8212;&#8212;&#8212;&#8212;&#8212;&#8212;&#8212;&#8212;&#8212;&#8212;&#8212;&#8212;&#8212;&#8212;&#8212;-<\/strong><\/p>\n<p><strong><u>\u00a0<\/u><\/strong><\/p>\n<p><strong>9H45 <\/strong>Introduction \/<span style=\"color: #993366;\"> <strong>Alain RUSTERHOLTZ<\/strong> Pr\u00e9sident CPDIS<\/span><\/p>\n<p><strong><u>\u00a0<\/u><\/strong><\/p>\n<p><strong><u>Session du Matin\u00a0: <\/u><\/strong><\/p>\n<p><strong>\u00ab\u00a0Les nouveaut\u00e9s du cycle de vie pr\u00e9 AMM et leurs impacts r\u00e9glementaires<\/strong><\/p>\n<p><strong>\u00a0<\/strong><\/p>\n<p><strong>9h50-10h10 D\u00e9veloppement pr\u00e9 clinique, nouveaut\u00e9s et impacts r\u00e9glementaires <\/strong><\/p>\n<p><strong><span style=\"color: #993366;\"><em>Philippe LADURE, Consultant<\/em><\/span><\/strong><\/p>\n<p>&nbsp;<\/p>\n<p><strong>10h10-10h30 \u00c9tat des lieux du d\u00e9veloppement clinique\u00a0: nouveaut\u00e9s et impacts r\u00e9glementaires.<\/strong><\/p>\n<p><span style=\"color: #993366;\"><em><strong>Decebal BORA<\/strong> \/ VP Regulatory Strategy VOISIN CONSULTING LIFE SCIENCES<\/em><\/span><\/p>\n<p>&#8212;&#8212;&#8212;&#8212;&#8212;&#8212;&#8212;&#8212;&#8212;&#8212;&#8212;&#8212;&#8212;&#8212;&#8212;&#8212;<\/p>\n<p><strong>10h30 Pause 20 minutes<\/strong><\/p>\n<p>&#8212;&#8212;&#8212;&#8212;&#8212;&#8212;&#8212;&#8212;&#8212;&#8212;&#8212;&#8212;&#8212;&#8212;&#8212;&#8212;<\/p>\n<p><strong>10h50-11h10 D\u00e9veloppement pharmaceutique, nouveaut\u00e9s et impacts r\u00e9glementaires. <\/strong><\/p>\n<p><span style=\"color: #993366;\"><em><strong>Didier TERRACOL,<\/strong> Directeur STRATEGIE SANT\u00c9<\/em><\/span><\/p>\n<p><strong>\u00a0<\/strong><\/p>\n<p><strong>11h10-11H30 Le point sur la phase Enregistrement et les relations entre titulaire d\u2019AMM et l\u2019exploitant. Nouveaut\u00e9s et impacts r\u00e9glementaires<\/strong><\/p>\n<p><span style=\"color: #993366;\"><em><strong>To Quynh GANDOPLHE<\/strong> \/ Pharmacien Responsable AZURBIO PHARMA<\/em><\/span><\/p>\n<p>&nbsp;<\/p>\n<p><strong>11h30-12h00<\/strong><\/p>\n<p>Questions, Table ronde et retours d\u2019exp\u00e9riences<\/p>\n<p>&nbsp;<\/p>\n<p>&#8212;&#8212;&#8212;&#8212;&#8212;&#8212;&#8212;&#8212;&#8212;&#8212;&#8212;&#8212;&#8212;&#8212;&#8212;&#8212;&#8212;&#8212;&#8212;&#8212;&#8212;&#8212;&#8212;&#8212;&#8212;&#8212;&#8212;&#8212;&#8212;&#8212;&#8212;&#8212;&#8212;&#8212;&#8212;<\/p>\n<p><strong>12h-14h Lunch, caf\u00e9<\/strong><\/p>\n<p>&#8212;&#8212;&#8212;&#8212;&#8212;&#8212;&#8212;&#8212;&#8212;&#8212;&#8212;&#8212;&#8212;&#8212;&#8212;&#8212;&#8212;&#8212;&#8212;&#8212;&#8212;&#8212;&#8212;&#8212;&#8212;&#8212;&#8212;&#8212;&#8212;&#8212;&#8212;&#8212;&#8212;&#8212;&#8212;&#8212;-<\/p>\n<p><strong>\u00a0<\/strong><\/p>\n<p><strong><u>Session de l\u2019apr\u00e8s-midi<\/u><\/strong><\/p>\n<p><strong><u>\u00a0<\/u><\/strong><\/p>\n<p>14h-14H20\u00a0: <strong>Panorama 2024 de la d\u00e9mographie pharmaceutique et projections \u00e0 l\u2019horizon 2050<\/strong><\/p>\n<p><span style=\"color: #993366;\"><em><strong>Maryse CAMUS-PISZEZ<\/strong> Membre du Conseil National de l\u2019Ordre des Pharmaciens \u00c9lue charg\u00e9e de la mission \u00ab\u00a0Attractivit\u00e9 \u2013 D\u00e9mographie\u00a0\u00bb<\/em><\/span><\/p>\n<p><strong>\u00a0<\/strong><\/p>\n<p><strong>Session \u00ab\u00a0Relations entre l\u2019h\u00f4pital et les laboratoires pharmaceutiques.\u00a0\u00bb<\/strong><\/p>\n<p>&nbsp;<\/p>\n<p>14h20-14H40\u00a0: <strong>Le point de vue du Pharmacien Hospitalier.<\/strong><\/p>\n<p><span style=\"color: #993366;\"><strong><em>Maryse CAMUS-PISZEZ Chef de Service de la Pharmacie Hospitali\u00e8re du GROUPE HOSPITALIER SUD ILE DE FRANCE<\/em><\/strong><\/span><\/p>\n<p>&nbsp;<\/p>\n<p>14h40- 15h00\u00a0: <strong>Les activit\u00e9s d\u2019informations promotionnelles \u00e0 l\u2019h\u00f4pital \u2013 la vision d\u2019un Attach\u00e9 \u00e0 la Promotion des M\u00e9dicaments.<\/strong><\/p>\n<p><span style=\"color: #993366;\"><em><strong>Patricia PINNA PROFILI<\/strong> &#8211; <\/em>Responsable R\u00e9gionale en Neurologie \u2013 ANGELINI PHARMA FRANCE<\/span><\/p>\n<p>&nbsp;<\/p>\n<p>15H00-15h20 : <strong>Les activit\u00e9s d\u2019informations m\u00e9dicale \u00e0 l\u2019h\u00f4pital \u2013 le r\u00f4le des MSL (<em>Medical Sciences Liaisons<\/em>).<\/strong><\/p>\n<p><span style=\"color: #993366;\"><em><strong>L\u00e9a CYMES<\/strong> \/ MSL BMS<\/em><\/span><\/p>\n<p><span style=\"color: #993366;\"><em><strong>Sabrina GOLLETY<\/strong> Directeur Associ\u00e9 Cardio et Immuno &#8211; BMS<\/em><\/span><\/p>\n<p><strong>\u00a0<\/strong><\/p>\n<p>&#8212;&#8212;&#8212;&#8212;&#8212;&#8212;&#8212;&#8212;&#8212;&#8212;&#8212;&#8212;<\/p>\n<p>15h20 Pause de 20 minutes<\/p>\n<p>&#8212;&#8212;&#8212;&#8212;&#8212;&#8212;&#8212;&#8212;&#8212;&#8212;&#8212;&#8212;<\/p>\n<p><strong>\u00a0<\/strong><\/p>\n<p>15h40-16H00\u00a0<em>: <\/em><strong>Relations commerciales avec un \u00e9tablissement hospitalier<\/strong><\/p>\n<p><strong>Acc\u00e8s pr\u00e9coce, R\u00e9f\u00e9rencement, appels d\u2018offres.<\/strong><\/p>\n<p><em><strong>Emmanuelle CAUCHARD<\/strong> Directeur Acc\u00e8s R\u00e9gional\u00a0 &#8211; ROCHE<\/em><\/p>\n<p>&nbsp;<\/p>\n<p>&nbsp;<\/p>\n<p>16h00-16h45 D\u00e9bat et questions r\u00e9ponses.<\/p>\n<p>&nbsp;<\/p>\n<p>&#8212;&#8212;&#8212;&#8212;&#8212;&#8212;&#8212;&#8212;&#8212;&#8212;&#8212;&#8212;&#8212;&#8212;&#8212;&#8212;&#8212;&#8212;&#8212;&#8212;&#8212;&#8212;&#8212;&#8212;&#8212;&#8212;&#8212;&#8212;&#8212;&#8212;&#8212;&#8212;&#8212;&#8212;&#8211;<\/p>\n<p>&nbsp;<\/p>\n<p>16h45 Conclusion Alain RUSTERHOLTZ Pr\u00e9sident du CPDIS<\/p>\n<p>17h00 Fin du s\u00e9minaire.<\/p>\n<p><strong><span style=\"font-family: arial, helvetica, sans-serif; font-size: 18pt; color: #008000;\">Pour vous inscrire, veuillez retourner le bulletin d&rsquo;inscription<\/span><\/strong><\/p>\n<p><a href=\"http:\/\/asso-cpdis.com\/wp-content\/uploads\/2025\/01\/V2-InscriptionSeminaire2025.docx\">V2 InscriptionSe\u0301minaire2025<\/a><\/p>\n<p>&nbsp;<\/p>\n<p>&nbsp;<\/p>\n<p>&nbsp;<\/p>\n","protected":false},"excerpt":{"rendered":"<p>SEMINAIRE ANNUEL CPDIS 2025 Cercle des Pharmaciens et Dirigeants des Industries de Sant\u00e9. \u00a0 \u00ab\u00a0Efficacit\u00e9 r\u00e9glementaire\u00a0: Session du Matin : les nouveaut\u00e9s du cycle de vie pr\u00e9-AMM\u00a0 et leurs impacts r\u00e9glementaires. Session de l&rsquo;Apr\u00e8s-midi : Focus sur les relations H\u00f4pital-Laboratoires pharmaceutiques. \u00a0 Jeudi 19 juin 2025 9H00-17H00 Golf de Rueil-Malmaison 25 boulevard Marcel POURTOUT 92500 [&hellip;]<\/p>\n","protected":false},"author":9,"featured_media":0,"comment_status":"closed","ping_status":"closed","sticky":false,"template":"","format":"standard","meta":{"footnotes":""},"categories":[12],"tags":[],"class_list":["post-733","post","type-post","status-publish","format-standard","hentry","category-12"],"_links":{"self":[{"href":"https:\/\/asso-cpdis.com\/index.php\/wp-json\/wp\/v2\/posts\/733","targetHints":{"allow":["GET"]}}],"collection":[{"href":"https:\/\/asso-cpdis.com\/index.php\/wp-json\/wp\/v2\/posts"}],"about":[{"href":"https:\/\/asso-cpdis.com\/index.php\/wp-json\/wp\/v2\/types\/post"}],"author":[{"embeddable":true,"href":"https:\/\/asso-cpdis.com\/index.php\/wp-json\/wp\/v2\/users\/9"}],"replies":[{"embeddable":true,"href":"https:\/\/asso-cpdis.com\/index.php\/wp-json\/wp\/v2\/comments?post=733"}],"version-history":[{"count":5,"href":"https:\/\/asso-cpdis.com\/index.php\/wp-json\/wp\/v2\/posts\/733\/revisions"}],"predecessor-version":[{"id":796,"href":"https:\/\/asso-cpdis.com\/index.php\/wp-json\/wp\/v2\/posts\/733\/revisions\/796"}],"wp:attachment":[{"href":"https:\/\/asso-cpdis.com\/index.php\/wp-json\/wp\/v2\/media?parent=733"}],"wp:term":[{"taxonomy":"category","embeddable":true,"href":"https:\/\/asso-cpdis.com\/index.php\/wp-json\/wp\/v2\/categories?post=733"},{"taxonomy":"post_tag","embeddable":true,"href":"https:\/\/asso-cpdis.com\/index.php\/wp-json\/wp\/v2\/tags?post=733"}],"curies":[{"name":"wp","href":"https:\/\/api.w.org\/{rel}","templated":true}]}}